{"id":4606,"date":"2026-05-01T12:37:22","date_gmt":"2026-05-01T12:37:22","guid":{"rendered":"https:\/\/parafiaskarzyce.pl\/?p=4606"},"modified":"2026-05-01T12:43:57","modified_gmt":"2026-05-01T12:43:57","slug":"doba-eucharystyczna-2","status":"publish","type":"post","link":"https:\/\/parafiaskarzyce.pl\/?p=4606","title":{"rendered":"DOBA  EUCHARYSTYCZNA"},"content":{"rendered":"\n<p><img decoding=\"async\" width=\"113\" height=\"122\" src=\"\" alt=\"Konkursy 1 \u2013 3 \u2013 Katecheza Diecezja Bydgoszcz\"><\/p>\n\n\n\n<p class=\"has-black-color has-text-color has-link-color wp-elements-d51d330af6e3d70ec3e4a4ea80f6a01d\"><a>DOBA&nbsp; EUCHARYSTYCZNA<\/a><\/p>\n\n\n\n<p class=\"has-black-color has-text-color has-link-color wp-elements-3748b266c75cf178396c23b46f5b288c\"><strong>4\/5 maja 2026<\/strong><\/p>\n\n\n\n<p class=\"has-black-color has-text-color has-link-color wp-elements-10cce516475abeeb5a3cc3099e07eb0e\"><strong>ADORACJA&nbsp; NAJ\u015aWI\u0118TSZEGO&nbsp; SAKRAMENTU<\/strong><\/p>\n\n\n\n<p class=\"has-vivid-red-color has-text-color has-link-color wp-elements-63014903cb5fb42e666c10af0255e842\">07.30&nbsp;&nbsp;&nbsp;&nbsp;&nbsp;&nbsp; <strong>MSZA \u015aW.&nbsp;&nbsp; na rozpocz\u0119cie Doby Eucharystycznej<\/strong><\/p>\n\n\n\n<p class=\"has-black-color has-text-color has-link-color wp-elements-065dc34866896fd7bcd358795b2ea37c\">08.00&nbsp;&nbsp;&nbsp;&nbsp;&nbsp;&nbsp;&nbsp; \u017berkowice: Okiennik, Szara, Pejza\u017c<\/p>\n\n\n\n<p class=\"has-black-color has-text-color has-link-color wp-elements-cd93386dd6b63ba42408189785e1800f\"><a>09.00&nbsp;&nbsp;&nbsp;&nbsp;&nbsp;&nbsp;&nbsp; \u017berkowice: Warzywna, \u017berkowicka<\/a><\/p>\n\n\n\n<p class=\"has-black-color has-text-color has-link-color wp-elements-284c3d0e39312208aef5040c7d7df8d8\">10.00 &nbsp;&nbsp;&nbsp;&nbsp;&nbsp;&nbsp;&nbsp;\u017berkowice: Dworska, Fredry<\/p>\n\n\n\n<p class=\"has-vivid-red-color has-text-color has-link-color wp-elements-c3748b0f1a0f04a7ee7942e12d361c49\"><strong>11.15<\/strong>&nbsp;&nbsp;&nbsp;&nbsp;&nbsp;&nbsp; <strong>MSZA \u015aW.<\/strong><\/p>\n\n\n\n<p class=\"has-black-color has-text-color has-link-color wp-elements-58a4da4013d07e8f090d96cc70b4eb86\">12.00&nbsp;&nbsp;&nbsp;&nbsp;&nbsp;&nbsp;&nbsp;&nbsp; ks. proboszcz<\/p>\n\n\n\n<p class=\"has-black-color has-text-color has-link-color wp-elements-c77c0030e919f137073617068053122d\">13.00&nbsp;&nbsp;&nbsp;&nbsp;&nbsp;&nbsp;&nbsp; \u017berkowice: Jurajska (od Kromo\u0142owa)<\/p>\n\n\n\n<p class=\"has-black-color has-text-color has-link-color wp-elements-236a1117e32e6f0724a70d0511abe67f\">14.00&nbsp;&nbsp;&nbsp;&nbsp;&nbsp;&nbsp;&nbsp; \u017berkowice: Jurajska (od Kalin\u00f3wki)<\/p>\n\n\n\n<p class=\"has-black-color has-text-color has-link-color wp-elements-70c3bde10e48ff5ed899b9036a3b2a1b\">15.00&nbsp;&nbsp;&nbsp;&nbsp;&nbsp;&nbsp;&nbsp; Morsko: Le\u015bna, Turystyczna<\/p>\n\n\n\n<p class=\"has-black-color has-text-color has-link-color wp-elements-c5795a0daf7639b5e7412d974e585aaa\">16.00&nbsp;&nbsp;&nbsp;&nbsp;&nbsp;&nbsp;&nbsp; Morsko: Jurajska, Kr\u00f3tka&nbsp;<\/p>\n\n\n\n<p class=\"has-vivid-red-color has-text-color has-link-color wp-elements-2e72e4445f5fe311d2340b1298b7f8c9\">18.00&nbsp;&nbsp;&nbsp;&nbsp;&nbsp; <strong>MSZA \u015aW.<\/strong><\/p>\n\n\n\n<p class=\"has-black-color has-text-color has-link-color wp-elements-ae893697ec760fadb501169f995e9bc9\">19.00&nbsp;&nbsp;&nbsp;&nbsp;&nbsp;&nbsp;&nbsp; M\u0142odzie\u017c, S\u0142u\u017cba Liturgiczna O\u0142tarza&nbsp;<\/p>\n\n\n\n<p class=\"has-black-color has-text-color has-link-color wp-elements-cd407cc71c4baa697aa761c3225f1023\">20.00&nbsp;&nbsp;&nbsp;&nbsp;&nbsp;&nbsp;&nbsp; Morsko: W\u0142odowska, Skar\u017cycka<\/p>\n\n\n\n<p class=\"has-black-color has-text-color has-link-color wp-elements-e8bb45a6808157dd082394a0e4a26e45\">21.00&nbsp;&nbsp;&nbsp;&nbsp;&nbsp;&nbsp;&nbsp; Morsko: Zamkowa, Skalna<\/p>\n\n\n\n<p class=\"has-black-color has-text-color has-link-color wp-elements-0d694abd96e15187bc5c2998600e93b2\">22.00&nbsp;&nbsp;&nbsp;&nbsp;&nbsp;&nbsp;&nbsp; Piaseczno: numery parzyste<\/p>\n\n\n\n<p class=\"has-black-color has-text-color has-link-color wp-elements-571ad4cfeb515ed0bffb365789d08e83\">23.00&nbsp;&nbsp;&nbsp;&nbsp;&nbsp;&nbsp;&nbsp; Piaseczno: numery nieparzyste<\/p>\n\n\n\n<p class=\"has-vivid-red-color has-text-color has-link-color wp-elements-dbf8e67750e04a5a5c49b68acee691c9\">24.00&nbsp;&nbsp;&nbsp;&nbsp;&nbsp; <strong>MSZA \u015aW.<\/strong><\/p>\n\n\n\n<p class=\"has-black-color has-text-color has-link-color wp-elements-5bca29b172cdce22af93a14df82bcb9b\">01.00&nbsp;&nbsp;&nbsp;&nbsp;&nbsp;&nbsp; Skar\u017cyce: Okiennik, Skar\u017cycka<\/p>\n\n\n\n<p class=\"has-black-color has-text-color has-link-color wp-elements-189754ad9fa4edbf0d868b1ced0387fa\">02.00&nbsp;&nbsp;&nbsp;&nbsp;&nbsp;&nbsp; Skar\u017cyce: Turystyczna: numery parzyste<\/p>\n\n\n\n<p class=\"has-black-color has-text-color has-link-color wp-elements-0e165d290ffa18e85223bc4b930fd204\">03.00&nbsp;&nbsp;&nbsp;&nbsp;&nbsp;&nbsp; Skar\u017cyce: Turystyczna: numery nieparzyste<\/p>\n\n\n\n<p class=\"has-black-color has-text-color has-link-color wp-elements-d2cf024408a2f0421286b6c39ffe0751\">04.00&nbsp;&nbsp;&nbsp;&nbsp;&nbsp;&nbsp; Skar\u017cyce: Zag\u0142oby, Poziomkowa<\/p>\n\n\n\n<p class=\"has-black-color has-text-color has-link-color wp-elements-b16397fa24f9b9caddf95a0a14105aed\">05.00&nbsp;&nbsp;&nbsp;&nbsp;&nbsp;&nbsp; Skar\u017cyce: Bilewicz\u00f3wny, Osta\u0144cowa, Skalna, Urwisko<\/p>\n\n\n\n<p class=\"has-black-color has-text-color has-link-color wp-elements-39a1f0d379a97f81f8285bcf147a97b5\">06.00&nbsp;&nbsp;&nbsp;&nbsp;&nbsp;&nbsp; Skar\u017cyce: Kmicica, Szlachecka,&nbsp; Turystyczna (\u015amig\u00f3wki)<\/p>\n\n\n\n<p class=\"has-black-color has-text-color has-link-color wp-elements-6f1b5cabffd7183eb5d9d4154c1fd695\">07.00&nbsp;&nbsp;&nbsp;&nbsp;&nbsp;&nbsp; Dla ch\u0119tnych<\/p>\n\n\n\n<p class=\"has-vivid-red-color has-text-color has-link-color wp-elements-24815737000eeab7b95c7183d1543239\">07.30&nbsp;&nbsp;&nbsp; MSZA \u015aW. \u2013 zako\u0144czenie Doby Eucharystycznej<\/p>\n","protected":false},"excerpt":{"rendered":"<p>DOBA&nbsp; EUCHARYSTYCZNA 4\/5 maja 2026 ADORACJA&nbsp; NAJ\u015aWI\u0118TSZEGO&nbsp; SAKRAMENTU 07.30&nbsp;&nbsp;&nbsp;&nbsp;&nbsp;&nbsp; MSZA \u015aW.&nbsp;&nbsp; na rozpocz\u0119cie Doby Eucharystycznej 08.00&nbsp;&nbsp;&nbsp;&nbsp;&nbsp;&nbsp;&nbsp; \u017berkowice: Okiennik, Szara, Pejza\u017c 09.00&nbsp;&nbsp;&nbsp;&nbsp;&nbsp;&nbsp;&nbsp; \u017berkowice: [&hellip;]<\/p>\n","protected":false},"author":1,"featured_media":2251,"comment_status":"open","ping_status":"open","sticky":false,"template":"","format":"standard","meta":{"footnotes":""},"categories":[1],"tags":[],"class_list":["post-4606","post","type-post","status-publish","format-standard","has-post-thumbnail","hentry","category-uncategorized"],"jetpack_featured_media_url":"https:\/\/parafiaskarzyce.pl\/wp-content\/uploads\/2022\/04\/indeks.jpg","_links":{"self":[{"href":"https:\/\/parafiaskarzyce.pl\/index.php?rest_route=\/wp\/v2\/posts\/4606","targetHints":{"allow":["GET"]}}],"collection":[{"href":"https:\/\/parafiaskarzyce.pl\/index.php?rest_route=\/wp\/v2\/posts"}],"about":[{"href":"https:\/\/parafiaskarzyce.pl\/index.php?rest_route=\/wp\/v2\/types\/post"}],"author":[{"embeddable":true,"href":"https:\/\/parafiaskarzyce.pl\/index.php?rest_route=\/wp\/v2\/users\/1"}],"replies":[{"embeddable":true,"href":"https:\/\/parafiaskarzyce.pl\/index.php?rest_route=%2Fwp%2Fv2%2Fcomments&post=4606"}],"version-history":[{"count":3,"href":"https:\/\/parafiaskarzyce.pl\/index.php?rest_route=\/wp\/v2\/posts\/4606\/revisions"}],"predecessor-version":[{"id":4609,"href":"https:\/\/parafiaskarzyce.pl\/index.php?rest_route=\/wp\/v2\/posts\/4606\/revisions\/4609"}],"wp:featuredmedia":[{"embeddable":true,"href":"https:\/\/parafiaskarzyce.pl\/index.php?rest_route=\/wp\/v2\/media\/2251"}],"wp:attachment":[{"href":"https:\/\/parafiaskarzyce.pl\/index.php?rest_route=%2Fwp%2Fv2%2Fmedia&parent=4606"}],"wp:term":[{"taxonomy":"category","embeddable":true,"href":"https:\/\/parafiaskarzyce.pl\/index.php?rest_route=%2Fwp%2Fv2%2Fcategories&post=4606"},{"taxonomy":"post_tag","embeddable":true,"href":"https:\/\/parafiaskarzyce.pl\/index.php?rest_route=%2Fwp%2Fv2%2Ftags&post=4606"}],"curies":[{"name":"wp","href":"https:\/\/api.w.org\/{rel}","templated":true}]}}